{"id":952,"date":"2019-11-18T20:59:59","date_gmt":"2019-11-18T19:59:59","guid":{"rendered":"http:\/\/landschaftsschutz.org\/?p=952"},"modified":"2019-11-18T21:18:25","modified_gmt":"2019-11-18T20:18:25","slug":"der-nord-ost-ring-in-waiblingen-sued","status":"publish","type":"post","link":"https:\/\/landschaftsschutz.org\/?p=952","title":{"rendered":"\u201eDer Nord-Ost-Ring in Waiblingen S\u00fcd\u201c, Mo 2.12.2019"},"content":{"rendered":"<p><a href=\"https:\/\/big-wnsued.de\/veranstaltungen\/der-nord-ost-ring-in-waiblingen-sued-informations-und-diskussionsabend\/&quot; \"><img loading=\"lazy\" decoding=\"async\" src=\"http:\/\/landschaftsschutz.org\/wp-content\/uploads\/2019\/11\/nor-wn-sued-300x200.jpg\" alt=\"\" width=\"300\" height=\"200\" class=\"alignleft size-medium wp-image-964\" \/><\/a><strong>Die B\u00fcrgerInteressenGemeinschaft Waiblingen-S\u00fcd e.V. l\u00e4dt ein<br \/>\nzum Informations- und Diskussionsabend<br \/>\nMontag, 2.12.2019 um 19:30 Uhr (Saal\u00f6ffnung 18.45 Uhr)<br \/>\nForum S\u00fcd im Martin- Luther- Haus (MLH),<br \/>\nDanziger Platz 30, Waiblingen<\/strong><\/p>\n<p>Moderation und Diskussionsleitung:<br \/>\nFrank Rodenhausen, Redaktionsleitung der Stuttgarter Zeitung in Waiblingen<\/p>\n<p>Auf dem Podium :<br \/>\nDr. Joachim Pfeiffer, Bundestagsabgeordneter und Mitglied der Regionalversammlung<br \/>\nAndreas Hesky, Oberb\u00fcrgermeister Waiblingen und Mitglied des Kreistages und der Regionalversammlung<br \/>\nKlaus Riedel, Mitglied des Kreistages und Waiblinger Ex-Stadtrat<br \/>\nJoseph Michl, Vorsitzender der Arge Nord-Ost e.V.<\/p>\n<p>Karten und Informationsmaterial \u00fcber den Nord-Ost-Ring sind zu besichtigen.<\/p>\n<p>Wir freuen uns auf Ihr Kommen.<\/p>\n<p><a href=\"https:\/\/big-wnsued.de\/veranstaltungen\/der-nord-ost-ring-in-waiblingen-sued-informations-und-diskussionsabend\/\" rel=\"noopener\" target=\"_blank\">weiterlesen<\/a><\/p>\n","protected":false},"excerpt":{"rendered":"<p>Die B\u00fcrgerInteressenGemeinschaft Waiblingen-S\u00fcd e.V. l\u00e4dt ein zum Informations- und Diskussionsabend Montag, 2.12.2019 um 19:30 Uhr (Saal\u00f6ffnung 18.45 Uhr) Forum S\u00fcd im Martin- Luther- Haus (MLH), Danziger Platz 30, Waiblingen Moderation und Diskussionsleitung: Frank Rodenhausen, Redaktionsleitung der Stuttgarter Zeitung in Waiblingen Auf dem Podium : Dr. Joachim Pfeiffer, Bundestagsabgeordneter und Mitglied der Regionalversammlung Andreas Hesky, Oberb\u00fcrgermeister [&hellip;]<\/p>\n","protected":false},"author":2,"featured_media":0,"comment_status":"closed","ping_status":"closed","sticky":false,"template":"","format":"standard","meta":{"footnotes":""},"categories":[9,1],"tags":[],"class_list":["post-952","post","type-post","status-publish","format-standard","hentry","category-termin","category-uncategorized"],"_links":{"self":[{"href":"https:\/\/landschaftsschutz.org\/index.php?rest_route=\/wp\/v2\/posts\/952","targetHints":{"allow":["GET"]}}],"collection":[{"href":"https:\/\/landschaftsschutz.org\/index.php?rest_route=\/wp\/v2\/posts"}],"about":[{"href":"https:\/\/landschaftsschutz.org\/index.php?rest_route=\/wp\/v2\/types\/post"}],"author":[{"embeddable":true,"href":"https:\/\/landschaftsschutz.org\/index.php?rest_route=\/wp\/v2\/users\/2"}],"replies":[{"embeddable":true,"href":"https:\/\/landschaftsschutz.org\/index.php?rest_route=%2Fwp%2Fv2%2Fcomments&post=952"}],"version-history":[{"count":6,"href":"https:\/\/landschaftsschutz.org\/index.php?rest_route=\/wp\/v2\/posts\/952\/revisions"}],"predecessor-version":[{"id":965,"href":"https:\/\/landschaftsschutz.org\/index.php?rest_route=\/wp\/v2\/posts\/952\/revisions\/965"}],"wp:attachment":[{"href":"https:\/\/landschaftsschutz.org\/index.php?rest_route=%2Fwp%2Fv2%2Fmedia&parent=952"}],"wp:term":[{"taxonomy":"category","embeddable":true,"href":"https:\/\/landschaftsschutz.org\/index.php?rest_route=%2Fwp%2Fv2%2Fcategories&post=952"},{"taxonomy":"post_tag","embeddable":true,"href":"https:\/\/landschaftsschutz.org\/index.php?rest_route=%2Fwp%2Fv2%2Ftags&post=952"}],"curies":[{"name":"wp","href":"https:\/\/api.w.org\/{rel}","templated":true}]}}