{"id":1364,"date":"2025-08-03T13:48:31","date_gmt":"2025-08-03T11:48:31","guid":{"rendered":"http:\/\/landschaftsschutz.org\/?p=1364"},"modified":"2025-08-03T14:07:29","modified_gmt":"2025-08-03T12:07:29","slug":"rueckblick-hohlwegpflege-august-2025","status":"publish","type":"post","link":"https:\/\/landschaftsschutz.org\/?p=1364","title":{"rendered":"R\u00fcckblick Hohlwegpflege August 2025"},"content":{"rendered":"\n<p>Die Sommer-Hohlwegpflege fand in diesem Jahr  am 2.8.2025 in Stuttgart-M\u00fchlhausen statt.<\/p>\n\n\n\n<p><img loading=\"lazy\" decoding=\"async\" width=\"500\" height=\"375\" class=\"wp-image-1365\" style=\"width: 500px;\" src=\"http:\/\/landschaftsschutz.org\/wp-content\/uploads\/2025\/08\/Hohlweg-01.jpg\" alt=\"\" srcset=\"https:\/\/landschaftsschutz.org\/wp-content\/uploads\/2025\/08\/Hohlweg-01.jpg 500w, https:\/\/landschaftsschutz.org\/wp-content\/uploads\/2025\/08\/Hohlweg-01-300x225.jpg 300w\" sizes=\"auto, (max-width: 500px) 100vw, 500px\" \/><\/p>\n\n\n\n<p>Um die wertvolle Natur zu erhalten, wurden die H\u00e4nge des Hohlweges freigeschnitten. Dadurch gelangt mehr Licht in den Hohlweg, was den Artenreichtum steigert insbesondere bei den Bl\u00fctenpflanzen. Dadurch wird das Nahrungsangebot f\u00fcr Insekten erh\u00f6ht.<\/p>\n\n\n\n<p><img loading=\"lazy\" decoding=\"async\" width=\"500\" height=\"375\" class=\"wp-image-1372\" style=\"width: 500px;\" src=\"http:\/\/landschaftsschutz.org\/wp-content\/uploads\/2025\/08\/Hohlweg-02.jpg\" alt=\"\" srcset=\"https:\/\/landschaftsschutz.org\/wp-content\/uploads\/2025\/08\/Hohlweg-02.jpg 500w, https:\/\/landschaftsschutz.org\/wp-content\/uploads\/2025\/08\/Hohlweg-02-300x225.jpg 300w\" sizes=\"auto, (max-width: 500px) 100vw, 500px\" \/><\/p>\n\n\n\n<p>Das Pflanzenmaterial wird abtransportiert, um N\u00e4hrstoffe zu entfernen. Dadurch wird Arten, die n\u00e4hrstoffarmen Boden brauchen, eine Chance zum Wachsen gegeben. Auf dem landwirtschaftlich intensiv genutzen &#8222;Langen Feld&#8220; gibt es wenige nicht-ged\u00fcngte Fl\u00e4chen. <\/p>\n\n\n\n<p><img loading=\"lazy\" decoding=\"async\" width=\"500\" height=\"375\" class=\"wp-image-1373\" style=\"width: 500px;\" src=\"http:\/\/landschaftsschutz.org\/wp-content\/uploads\/2025\/08\/Hohlweg-03.jpg\" alt=\"\" srcset=\"https:\/\/landschaftsschutz.org\/wp-content\/uploads\/2025\/08\/Hohlweg-03.jpg 500w, https:\/\/landschaftsschutz.org\/wp-content\/uploads\/2025\/08\/Hohlweg-03-300x225.jpg 300w\" sizes=\"auto, (max-width: 500px) 100vw, 500px\" \/><\/p>\n\n\n\n<p><strong>Ein Spaziergang durch den nun freigeschnittenen Hohlweg ist immer ein lohnenwertes Naturerlebnis. <\/strong><\/p>\n\n\n\n<p>Trotz der unsicheren Wetterlage haben wieder 17 Personen tatkr\u00e4ftig mitgeholfen, dieses wertvolle Biotop zu erhalten. Im Anschluss an die Arbeit gab es mittags es ein gutes Vesper.<\/p>\n\n\n\n<p>Die Arge bedankt sich bei allen f\u00fcr den tatkr\u00e4ftigen Einsatz!<\/p>\n\n\n\n<p>Die n\u00e4chste Hohlweg-Pflege findet voraussichtlich Ende Oktober statt. Dann werden B\u00fcsche auf den Stock gesetzt, um die Verj\u00fcngung zu f\u00f6rdern.  <strong>Falls auch Sie tatkr\u00e4ftig und sehr konkret etwas f\u00fcr die Natur tun wollen, melden Sie sich bei der Arge-Nord-Ost. <\/strong>(Es sind keinerlei Vorkenntnisse erforderlich.) <\/p>\n","protected":false},"excerpt":{"rendered":"<p>Die Sommer-Hohlwegpflege fand in diesem Jahr am 2.8.2025 in Stuttgart-M\u00fchlhausen statt. Um die wertvolle Natur zu erhalten, wurden die H\u00e4nge des Hohlweges freigeschnitten. Dadurch gelangt mehr Licht in den Hohlweg, was den Artenreichtum steigert insbesondere bei den Bl\u00fctenpflanzen. Dadurch wird das Nahrungsangebot f\u00fcr Insekten erh\u00f6ht. Das Pflanzenmaterial wird abtransportiert, um N\u00e4hrstoffe zu entfernen. Dadurch wird [&hellip;]<\/p>\n","protected":false},"author":2,"featured_media":0,"comment_status":"closed","ping_status":"closed","sticky":false,"template":"","format":"standard","meta":{"footnotes":""},"categories":[1],"tags":[],"class_list":["post-1364","post","type-post","status-publish","format-standard","hentry","category-uncategorized"],"_links":{"self":[{"href":"https:\/\/landschaftsschutz.org\/index.php?rest_route=\/wp\/v2\/posts\/1364","targetHints":{"allow":["GET"]}}],"collection":[{"href":"https:\/\/landschaftsschutz.org\/index.php?rest_route=\/wp\/v2\/posts"}],"about":[{"href":"https:\/\/landschaftsschutz.org\/index.php?rest_route=\/wp\/v2\/types\/post"}],"author":[{"embeddable":true,"href":"https:\/\/landschaftsschutz.org\/index.php?rest_route=\/wp\/v2\/users\/2"}],"replies":[{"embeddable":true,"href":"https:\/\/landschaftsschutz.org\/index.php?rest_route=%2Fwp%2Fv2%2Fcomments&post=1364"}],"version-history":[{"count":4,"href":"https:\/\/landschaftsschutz.org\/index.php?rest_route=\/wp\/v2\/posts\/1364\/revisions"}],"predecessor-version":[{"id":1375,"href":"https:\/\/landschaftsschutz.org\/index.php?rest_route=\/wp\/v2\/posts\/1364\/revisions\/1375"}],"wp:attachment":[{"href":"https:\/\/landschaftsschutz.org\/index.php?rest_route=%2Fwp%2Fv2%2Fmedia&parent=1364"}],"wp:term":[{"taxonomy":"category","embeddable":true,"href":"https:\/\/landschaftsschutz.org\/index.php?rest_route=%2Fwp%2Fv2%2Fcategories&post=1364"},{"taxonomy":"post_tag","embeddable":true,"href":"https:\/\/landschaftsschutz.org\/index.php?rest_route=%2Fwp%2Fv2%2Ftags&post=1364"}],"curies":[{"name":"wp","href":"https:\/\/api.w.org\/{rel}","templated":true}]}}