{"id":1337,"date":"2025-05-31T13:31:00","date_gmt":"2025-05-31T11:31:00","guid":{"rendered":"http:\/\/landschaftsschutz.org\/?p=1337"},"modified":"2025-07-11T13:32:53","modified_gmt":"2025-07-11T11:32:53","slug":"arge-infostand-5-7-2025-fleckenfest-muehlhausen","status":"publish","type":"post","link":"https:\/\/landschaftsschutz.org\/?p=1337","title":{"rendered":"ARGE-Infostand 5.7. 2025, Fleckenfest M\u00fchlhausen"},"content":{"rendered":"\n<p>Falls Sie sich \u00fcber die Arbeit der ARGE Nord-Ost informieren wollen, kommen Sie zum Fleckenfest M\u00fchlhausen. Hier gibt eselegenheit zum Gespr\u00e4ch und Austausch. <\/p>\n\n\n\n<p><img loading=\"lazy\" decoding=\"async\" width=\"458\" height=\"640\" class=\"wp-image-1338\" style=\"width: 458px;\" src=\"http:\/\/landschaftsschutz.org\/wp-content\/uploads\/2025\/06\/Fleckenfest-VMV-05.07.2025.jpg\" alt=\"\" srcset=\"https:\/\/landschaftsschutz.org\/wp-content\/uploads\/2025\/06\/Fleckenfest-VMV-05.07.2025.jpg 458w, https:\/\/landschaftsschutz.org\/wp-content\/uploads\/2025\/06\/Fleckenfest-VMV-05.07.2025-215x300.jpg 215w\" sizes=\"auto, (max-width: 458px) 100vw, 458px\" \/><\/p>\n\n\n\n<p>Wir freuen uns auf Ihren Besuch.<\/p>\n\n\n\n<p><\/p>\n","protected":false},"excerpt":{"rendered":"<p>Falls Sie sich \u00fcber die Arbeit der ARGE Nord-Ost informieren wollen, kommen Sie zum Fleckenfest M\u00fchlhausen. Hier gibt eselegenheit zum Gespr\u00e4ch und Austausch. Wir freuen uns auf Ihren Besuch.<\/p>\n","protected":false},"author":2,"featured_media":0,"comment_status":"closed","ping_status":"closed","sticky":false,"template":"","format":"standard","meta":{"footnotes":""},"categories":[1],"tags":[],"class_list":["post-1337","post","type-post","status-publish","format-standard","hentry","category-uncategorized"],"_links":{"self":[{"href":"https:\/\/landschaftsschutz.org\/index.php?rest_route=\/wp\/v2\/posts\/1337","targetHints":{"allow":["GET"]}}],"collection":[{"href":"https:\/\/landschaftsschutz.org\/index.php?rest_route=\/wp\/v2\/posts"}],"about":[{"href":"https:\/\/landschaftsschutz.org\/index.php?rest_route=\/wp\/v2\/types\/post"}],"author":[{"embeddable":true,"href":"https:\/\/landschaftsschutz.org\/index.php?rest_route=\/wp\/v2\/users\/2"}],"replies":[{"embeddable":true,"href":"https:\/\/landschaftsschutz.org\/index.php?rest_route=%2Fwp%2Fv2%2Fcomments&post=1337"}],"version-history":[{"count":2,"href":"https:\/\/landschaftsschutz.org\/index.php?rest_route=\/wp\/v2\/posts\/1337\/revisions"}],"predecessor-version":[{"id":1340,"href":"https:\/\/landschaftsschutz.org\/index.php?rest_route=\/wp\/v2\/posts\/1337\/revisions\/1340"}],"wp:attachment":[{"href":"https:\/\/landschaftsschutz.org\/index.php?rest_route=%2Fwp%2Fv2%2Fmedia&parent=1337"}],"wp:term":[{"taxonomy":"category","embeddable":true,"href":"https:\/\/landschaftsschutz.org\/index.php?rest_route=%2Fwp%2Fv2%2Fcategories&post=1337"},{"taxonomy":"post_tag","embeddable":true,"href":"https:\/\/landschaftsschutz.org\/index.php?rest_route=%2Fwp%2Fv2%2Ftags&post=1337"}],"curies":[{"name":"wp","href":"https:\/\/api.w.org\/{rel}","templated":true}]}}