{"id":1326,"date":"2025-07-24T21:15:15","date_gmt":"2025-07-24T19:15:15","guid":{"rendered":"http:\/\/landschaftsschutz.org\/?p=1326"},"modified":"2025-07-24T21:15:15","modified_gmt":"2025-07-24T19:15:15","slug":"hohlwegpflege-samstag-26-juli-2025","status":"publish","type":"post","link":"https:\/\/landschaftsschutz.org\/?p=1326","title":{"rendered":"Hohlwegpflege: Samstag, 2. August"},"content":{"rendered":"\n<p>Die Sommer-Hohlwegpflege in diesem Jahr findet am <strong>Samstag, 2.8.2025 in Stuttgart-M\u00fchlhausen.<\/strong> statt. <\/p>\n\n\n\n<p><br>Der Hohlweg in M\u00fchlhauen ist ein naturschutzfachlich hochwertiges Kleinod, eine wichtige R\u00fcckzugs-Insel f\u00fcr Tiere und Pflanzen im Biotop-Verbund-System. <strong>Helfen Sie mit, diese wertvolle Natur zu erhalten!<\/strong><\/p>\n\n\n\n<p><strong>Wir beginnen um 9:00 Uhr beim Guthof Sperling, Hofstr\u00e4\u00dfle 40, Stuttga<\/strong>rt-M\u00fchlhausen. Wer mitmachen will, ihm der Fu\u00dfweg von der Stadtbahn-Haltestelle U12\/14, M\u00fchlhausen oder der Bushaltestelle &#8222;Stauffenbergstra\u00dfe&#8220;, Kornwestheim (411) zu weit sein sollte, melde sich bitte bei der ARGE Noed-Ost. <br>Nur wenn es sehr hei\u00df werden sollte an dem Tag, ziehen wir den Start auf 7 Uhr vor. Das w\u00fcrden wir dann noch extra bekanntgeben. Selbstverst\u00e4ndlich kann man auch sp\u00e4ter dazukommen. Wir hoffen, dass die Gluthitze von Ende Juni vorbei ist, so dass wir &#8222;nur&#8220; normal sommerliches Wetter haben. <\/p>\n\n\n\n<p>F\u00fcr die Verpflegung sorgt die ARGE: <br><strong>Verschiedene, auch gek\u00fchlte Getr\u00e4nken werden kostenfei bereit gestellt und mittags gibt es ein gutes Vesper.<\/strong><\/p>\n\n\n\n<p><strong>Wer ein Lieblinsgwerkzeug sein eigen nennt, darf dieses sehr gerne mitbringen<\/strong>, ansonsten ist aber auch gen\u00fcgend Werkzeug vor Ort. <strong>Arbeitshandschuhe sind sehr empfehlenswert.<\/strong>Und da wir die Wiesen an den H\u00e4ngen des Hohlweges wieder m\u00e4hen m\u00fcssen, sind auch Senser\/-innen gefragt.<\/p>\n\n\n\n<p>Bitte merken Sie sich die beiden Termine, wenn Ihnen eine Teilnahme m\u00f6glich ist, &#8211; wor\u00fcber wir uns sehr freuen w\u00fcrden. Jede Hand z\u00e4hlt und macht den Einsatz f\u00fcr alle einfacher!<\/p>\n\n\n\n<p>Soviel vorab zum Thema &#8222;Save the date&#8220;. Inhaltlich melden wir uns nochmal etwa 10 Tage vor dem Pflegetermin.<\/p>\n\n\n\n<p><\/p>\n","protected":false},"excerpt":{"rendered":"<p>Die Sommer-Hohlwegpflege in diesem Jahr findet am Samstag, 2.8.2025 in Stuttgart-M\u00fchlhausen. statt. Der Hohlweg in M\u00fchlhauen ist ein naturschutzfachlich hochwertiges Kleinod, eine wichtige R\u00fcckzugs-Insel f\u00fcr Tiere und Pflanzen im Biotop-Verbund-System. Helfen Sie mit, diese wertvolle Natur zu erhalten! Wir beginnen um 9:00 Uhr beim Guthof Sperling, Hofstr\u00e4\u00dfle 40, Stuttgart-M\u00fchlhausen. Wer mitmachen will, ihm der Fu\u00dfweg [&hellip;]<\/p>\n","protected":false},"author":2,"featured_media":0,"comment_status":"closed","ping_status":"closed","sticky":false,"template":"","format":"standard","meta":{"footnotes":""},"categories":[1],"tags":[],"class_list":["post-1326","post","type-post","status-publish","format-standard","hentry","category-uncategorized"],"_links":{"self":[{"href":"https:\/\/landschaftsschutz.org\/index.php?rest_route=\/wp\/v2\/posts\/1326","targetHints":{"allow":["GET"]}}],"collection":[{"href":"https:\/\/landschaftsschutz.org\/index.php?rest_route=\/wp\/v2\/posts"}],"about":[{"href":"https:\/\/landschaftsschutz.org\/index.php?rest_route=\/wp\/v2\/types\/post"}],"author":[{"embeddable":true,"href":"https:\/\/landschaftsschutz.org\/index.php?rest_route=\/wp\/v2\/users\/2"}],"replies":[{"embeddable":true,"href":"https:\/\/landschaftsschutz.org\/index.php?rest_route=%2Fwp%2Fv2%2Fcomments&post=1326"}],"version-history":[{"count":4,"href":"https:\/\/landschaftsschutz.org\/index.php?rest_route=\/wp\/v2\/posts\/1326\/revisions"}],"predecessor-version":[{"id":1356,"href":"https:\/\/landschaftsschutz.org\/index.php?rest_route=\/wp\/v2\/posts\/1326\/revisions\/1356"}],"wp:attachment":[{"href":"https:\/\/landschaftsschutz.org\/index.php?rest_route=%2Fwp%2Fv2%2Fmedia&parent=1326"}],"wp:term":[{"taxonomy":"category","embeddable":true,"href":"https:\/\/landschaftsschutz.org\/index.php?rest_route=%2Fwp%2Fv2%2Fcategories&post=1326"},{"taxonomy":"post_tag","embeddable":true,"href":"https:\/\/landschaftsschutz.org\/index.php?rest_route=%2Fwp%2Fv2%2Ftags&post=1326"}],"curies":[{"name":"wp","href":"https:\/\/api.w.org\/{rel}","templated":true}]}}