{"id":1210,"date":"2024-03-01T15:40:00","date_gmt":"2024-03-01T14:40:00","guid":{"rendered":"http:\/\/landschaftsschutz.org\/?p=1210"},"modified":"2024-04-20T15:40:47","modified_gmt":"2024-04-20T13:40:47","slug":"jahreshauptversammlung-8-april-2024","status":"publish","type":"post","link":"https:\/\/landschaftsschutz.org\/?p=1210","title":{"rendered":"Jahreshauptversammlung 8. April 2024"},"content":{"rendered":"\n<p><strong>Jahreshauptversammlung der ARGE Nord-Ost e.V.<\/strong><\/p>\n\n\n\n<p><strong>Montag, 8. April 2024, 19 Uhr<\/strong>, <\/p>\n\n\n\n<p>Saal im Alten Rathaus, Stuttgart-M\u00fchlhausen, Veitstr. 1<\/p>\n\n\n\n<p>Tagesordnung:<\/p>\n\n\n\n<p>1.&nbsp;&nbsp;&nbsp;&nbsp;&nbsp;&nbsp;&nbsp;&nbsp; Begr\u00fc\u00dfung und Er\u00f6ffnung der Jahreshauptversammlung<\/p>\n\n\n\n<p>2.&nbsp;&nbsp;&nbsp;&nbsp;&nbsp;&nbsp;&nbsp;&nbsp; Jahresr\u00fcckblick u. Rechenschaftsbericht des Vorstandes und Kassenbericht<\/p>\n\n\n\n<p>3.&nbsp;&nbsp;&nbsp;&nbsp;&nbsp;&nbsp;&nbsp;&nbsp; Bericht der Kassenpr\u00fcfer<\/p>\n\n\n\n<p>4.&nbsp;&nbsp;&nbsp;&nbsp;&nbsp;&nbsp;&nbsp;&nbsp; Aussprache und Abstimmung \u00fcber Entlastung des Vorstandes<\/p>\n\n\n\n<p>5.&nbsp;&nbsp;&nbsp;&nbsp;&nbsp;&nbsp;&nbsp;&nbsp; Aktuelles zum Stra\u00dfenbau und zum Kfz-Verkehr<\/p>\n\n\n\n<p>6.&nbsp;&nbsp;&nbsp;&nbsp;&nbsp;&nbsp;&nbsp;&nbsp; geplante Aktivit\u00e4ten<\/p>\n\n\n\n<p>7.&nbsp;&nbsp;&nbsp;&nbsp;&nbsp;&nbsp;&nbsp;&nbsp; Verschiedenes<\/p>\n\n\n\n<p>Wir w\u00fcrden uns freuen, wenn auch interessierte zu unsere Jahreshauptversammlung kommen. <\/p>\n","protected":false},"excerpt":{"rendered":"<p>Jahreshauptversammlung der ARGE Nord-Ost e.V. Montag, 8. April 2024, 19 Uhr, Saal im Alten Rathaus, Stuttgart-M\u00fchlhausen, Veitstr. 1 Tagesordnung: 1.&nbsp;&nbsp;&nbsp;&nbsp;&nbsp;&nbsp;&nbsp;&nbsp; Begr\u00fc\u00dfung und Er\u00f6ffnung der Jahreshauptversammlung 2.&nbsp;&nbsp;&nbsp;&nbsp;&nbsp;&nbsp;&nbsp;&nbsp; Jahresr\u00fcckblick u. Rechenschaftsbericht des Vorstandes und Kassenbericht 3.&nbsp;&nbsp;&nbsp;&nbsp;&nbsp;&nbsp;&nbsp;&nbsp; Bericht der Kassenpr\u00fcfer 4.&nbsp;&nbsp;&nbsp;&nbsp;&nbsp;&nbsp;&nbsp;&nbsp; Aussprache und Abstimmung \u00fcber Entlastung des Vorstandes 5.&nbsp;&nbsp;&nbsp;&nbsp;&nbsp;&nbsp;&nbsp;&nbsp; Aktuelles zum Stra\u00dfenbau und zum Kfz-Verkehr 6.&nbsp;&nbsp;&nbsp;&nbsp;&nbsp;&nbsp;&nbsp;&nbsp; geplante Aktivit\u00e4ten [&hellip;]<\/p>\n","protected":false},"author":2,"featured_media":0,"comment_status":"closed","ping_status":"closed","sticky":false,"template":"","format":"standard","meta":{"footnotes":""},"categories":[1],"tags":[],"class_list":["post-1210","post","type-post","status-publish","format-standard","hentry","category-uncategorized"],"_links":{"self":[{"href":"https:\/\/landschaftsschutz.org\/index.php?rest_route=\/wp\/v2\/posts\/1210","targetHints":{"allow":["GET"]}}],"collection":[{"href":"https:\/\/landschaftsschutz.org\/index.php?rest_route=\/wp\/v2\/posts"}],"about":[{"href":"https:\/\/landschaftsschutz.org\/index.php?rest_route=\/wp\/v2\/types\/post"}],"author":[{"embeddable":true,"href":"https:\/\/landschaftsschutz.org\/index.php?rest_route=\/wp\/v2\/users\/2"}],"replies":[{"embeddable":true,"href":"https:\/\/landschaftsschutz.org\/index.php?rest_route=%2Fwp%2Fv2%2Fcomments&post=1210"}],"version-history":[{"count":1,"href":"https:\/\/landschaftsschutz.org\/index.php?rest_route=\/wp\/v2\/posts\/1210\/revisions"}],"predecessor-version":[{"id":1211,"href":"https:\/\/landschaftsschutz.org\/index.php?rest_route=\/wp\/v2\/posts\/1210\/revisions\/1211"}],"wp:attachment":[{"href":"https:\/\/landschaftsschutz.org\/index.php?rest_route=%2Fwp%2Fv2%2Fmedia&parent=1210"}],"wp:term":[{"taxonomy":"category","embeddable":true,"href":"https:\/\/landschaftsschutz.org\/index.php?rest_route=%2Fwp%2Fv2%2Fcategories&post=1210"},{"taxonomy":"post_tag","embeddable":true,"href":"https:\/\/landschaftsschutz.org\/index.php?rest_route=%2Fwp%2Fv2%2Ftags&post=1210"}],"curies":[{"name":"wp","href":"https:\/\/api.w.org\/{rel}","templated":true}]}}