{"id":1204,"date":"2024-06-20T14:54:46","date_gmt":"2024-06-20T12:54:46","guid":{"rendered":"http:\/\/landschaftsschutz.org\/?p=1204"},"modified":"2024-06-20T14:54:46","modified_gmt":"2024-06-20T12:54:46","slug":"hohlwegpflege-samstag-27-juli-2024-ab-900-uhr","status":"publish","type":"post","link":"https:\/\/landschaftsschutz.org\/?p=1204","title":{"rendered":"Hohlwegpflege: Samstag, 27. Juli 2024"},"content":{"rendered":"\n<figure class=\"wp-block-image size-medium is-resized\"><img loading=\"lazy\" decoding=\"async\" src=\"http:\/\/landschaftsschutz.org\/wp-content\/uploads\/2018\/11\/Hohlwegpflege-300x245.jpg\" alt=\"\" class=\"wp-image-772\" width=\"600\" height=\"490\" srcset=\"https:\/\/landschaftsschutz.org\/wp-content\/uploads\/2018\/11\/Hohlwegpflege-300x245.jpg 300w, https:\/\/landschaftsschutz.org\/wp-content\/uploads\/2018\/11\/Hohlwegpflege-768x627.jpg 768w, https:\/\/landschaftsschutz.org\/wp-content\/uploads\/2018\/11\/Hohlwegpflege.jpg 900w\" sizes=\"auto, (max-width: 600px) 100vw, 600px\" \/><\/figure>\n\n\n\n<p><strong>Hohlwegpflege Samstag, 27. Juli 2024, ab 9 Uhr<\/strong><\/p>\n\n\n\n<p><strong>Treffpunkt<\/strong> <strong>beim Hof Sperling<\/strong> (<strong><a href=\"http:\/\/landschaftsschutz.org\/wp-content\/uploads\/2021\/05\/Hof-Sperling-Hohlweg.jpg\">\u00dcbersichtskarte<\/a>, <a href=\"http:\/\/landschaftsschutz.org\/wp-content\/uploads\/2017\/07\/Hohlweg.jpg\">Detailkarte<\/a><\/strong>) am s\u00fcdlichen Ende des Hohlwegs, Wenn Sie mit dem \u00d6PNV kommen, dann fahren Sie am besten mit dem Bus 53 aus Zuffenhausen kommend bis zur Haltestelle M\u00fchlhausen Schloss oder mit der Stadtbahn bis Haltestelle M\u00fchlhausen. Von dort sind es etwa 2 km zu Fu\u00df.<br>Sie k\u00f6nnen sie auch bei uns melden, dann organisieren wir eine Abholung in M\u00fchlhausen. <\/p>\n\n\n\n<p> Die Hohlwegpflege erfolgt in Zusammenarbeit mit dem Amt f\u00fcr Umweltschutz der Stadt Stuttgart.<br>Diesmal stehen folgende Arbeiten an: <\/p>\n\n\n\n<p>Pfleger\u00fcckschnitt der Geh\u00f6lzr\u00e4nder \u2013 jeweils Innen- und Au\u00dfenkante<br>\u2022 M\u00e4hen der Wiesen an den R\u00e4ndern des Hohlweges<br>\u2022 Nachpflege von \u201aauf den Stock gesetzten\u2018 Heckenabschnitten hier v.a. Entfernung von Brombeeraufwuchs<br>\u2022 Schnittgut aus Fl\u00e4che r\u00e4umen, auf benachbarten Lagerplatz sammeln, Grasschnitt getrennt von Starkholz lagern<br>(die Grasschnittabfuhr erfolgt \u00fcber das Tiefbauamt)<\/p>\n\n\n\n<p> Zum Vesper gibt es Br\u00f6tchen mit K\u00e4se oder warmen Fleischk\u00e4se. Und dazu verschiedene (je nach Wetterlage gut gek\u00fchlte) Getr\u00e4nke. <\/p>\n\n\n\n<p> Ansonsten gilt wie immer bei unseren Pflegeeins\u00e4tzen: <br>Sicherheit und Spa\u00df sind wichtiger als Schnelligkeit und Fl\u00e4chenleistung. Der Einsatz erfolgt auf eigenes Risiko. Wir haben ausreichend Werkzeug (Astscheren, S\u00e4gen etc.) vor Ort. Selbstverst\u00e4ndlich k\u00f6nnen Sie auch eigenes Werkzeug mitbringen (wenn mit Antrieb, dann bitte elektrisch). Und ganz wichtig: Arbeitshandschuhe (gef\u00fcttert) nicht vergessen.<\/p>\n\n\n\n<p> \u00dcber eine rege Beteiligung w\u00fcrden wir uns wieder sehr freuen. Je mehr wir sind, umso mehr Spa\u00df macht es, und umso schneller sind wir fertig.  <\/p>\n","protected":false},"excerpt":{"rendered":"<p>Hohlwegpflege Samstag, 27. Juli 2024, ab 9 Uhr Treffpunkt beim Hof Sperling (\u00dcbersichtskarte, Detailkarte) am s\u00fcdlichen Ende des Hohlwegs, Wenn Sie mit dem \u00d6PNV kommen, dann fahren Sie am besten mit dem Bus 53 aus Zuffenhausen kommend bis zur Haltestelle M\u00fchlhausen Schloss oder mit der Stadtbahn bis Haltestelle M\u00fchlhausen. Von dort sind es etwa 2 [&hellip;]<\/p>\n","protected":false},"author":2,"featured_media":0,"comment_status":"closed","ping_status":"closed","sticky":false,"template":"","format":"standard","meta":{"footnotes":""},"categories":[1],"tags":[],"class_list":["post-1204","post","type-post","status-publish","format-standard","hentry","category-uncategorized"],"_links":{"self":[{"href":"https:\/\/landschaftsschutz.org\/index.php?rest_route=\/wp\/v2\/posts\/1204","targetHints":{"allow":["GET"]}}],"collection":[{"href":"https:\/\/landschaftsschutz.org\/index.php?rest_route=\/wp\/v2\/posts"}],"about":[{"href":"https:\/\/landschaftsschutz.org\/index.php?rest_route=\/wp\/v2\/types\/post"}],"author":[{"embeddable":true,"href":"https:\/\/landschaftsschutz.org\/index.php?rest_route=\/wp\/v2\/users\/2"}],"replies":[{"embeddable":true,"href":"https:\/\/landschaftsschutz.org\/index.php?rest_route=%2Fwp%2Fv2%2Fcomments&post=1204"}],"version-history":[{"count":4,"href":"https:\/\/landschaftsschutz.org\/index.php?rest_route=\/wp\/v2\/posts\/1204\/revisions"}],"predecessor-version":[{"id":1219,"href":"https:\/\/landschaftsschutz.org\/index.php?rest_route=\/wp\/v2\/posts\/1204\/revisions\/1219"}],"wp:attachment":[{"href":"https:\/\/landschaftsschutz.org\/index.php?rest_route=%2Fwp%2Fv2%2Fmedia&parent=1204"}],"wp:term":[{"taxonomy":"category","embeddable":true,"href":"https:\/\/landschaftsschutz.org\/index.php?rest_route=%2Fwp%2Fv2%2Fcategories&post=1204"},{"taxonomy":"post_tag","embeddable":true,"href":"https:\/\/landschaftsschutz.org\/index.php?rest_route=%2Fwp%2Fv2%2Ftags&post=1204"}],"curies":[{"name":"wp","href":"https:\/\/api.w.org\/{rel}","templated":true}]}}