{"id":462,"date":"2018-09-10T21:07:57","date_gmt":"2018-09-10T19:07:57","guid":{"rendered":"http:\/\/landschaftsschutz.org\/?p=462"},"modified":"2018-09-11T21:47:29","modified_gmt":"2018-09-11T19:47:29","slug":"aktionstag-30-9-2018-oeffingen","status":"publish","type":"post","link":"http:\/\/landschaftsschutz.org\/?p=462","title":{"rendered":"Aktionstag 30.9.2018 Oeffingen"},"content":{"rendered":"<p>An diesem Sonntag findet in Oeffingen ein gro\u00dfer Aktionstag gegen den Nordostring statt. Die ARGE Nord-Ost ist mit einem Informationsstand dabei. W\u00e4hrend sich die Erwachsenen \u00fcber die Folgen des Nordostrings informieren, k\u00f6nnen die Kinder mit einer Handpresse selber Apfelsaft aus \u00c4pfeln von B\u00e4umen der B\u00fcchenau machen.<\/p>\n<p>N\u00e4here Informationen gibt es hier:<\/p>\n<p><a href=\"http:\/\/landschaftsschutz.org\/wp-content\/uploads\/2018\/08\/20180930-Flyer-Aktionstag-k.jpg\"><img loading=\"lazy\" decoding=\"async\" class=\"alignnone size-medium wp-image-456\" src=\"http:\/\/landschaftsschutz.org\/wp-content\/uploads\/2018\/08\/20180930-Flyer-Aktionstag-k-280x300.jpg\" alt=\"\" width=\"280\" height=\"300\" srcset=\"http:\/\/landschaftsschutz.org\/wp-content\/uploads\/2018\/08\/20180930-Flyer-Aktionstag-k-280x300.jpg 280w, http:\/\/landschaftsschutz.org\/wp-content\/uploads\/2018\/08\/20180930-Flyer-Aktionstag-k.jpg 600w\" sizes=\"auto, (max-width: 280px) 100vw, 280px\" \/><\/a><\/p>\n<p>&nbsp;<\/p>\n","protected":false},"excerpt":{"rendered":"<p>An diesem Sonntag findet in Oeffingen ein gro\u00dfer Aktionstag gegen den Nordostring statt. Die ARGE Nord-Ost ist mit einem Informationsstand dabei. W\u00e4hrend sich die Erwachsenen \u00fcber die Folgen des Nordostrings informieren, k\u00f6nnen die Kinder mit einer Handpresse selber Apfelsaft aus \u00c4pfeln von B\u00e4umen der B\u00fcchenau machen. N\u00e4here Informationen gibt es hier: &nbsp;<\/p>\n","protected":false},"author":1,"featured_media":0,"comment_status":"closed","ping_status":"closed","sticky":true,"template":"","format":"standard","meta":{"footnotes":""},"categories":[9],"tags":[],"class_list":["post-462","post","type-post","status-publish","format-standard","hentry","category-termin"],"_links":{"self":[{"href":"http:\/\/landschaftsschutz.org\/index.php?rest_route=\/wp\/v2\/posts\/462","targetHints":{"allow":["GET"]}}],"collection":[{"href":"http:\/\/landschaftsschutz.org\/index.php?rest_route=\/wp\/v2\/posts"}],"about":[{"href":"http:\/\/landschaftsschutz.org\/index.php?rest_route=\/wp\/v2\/types\/post"}],"author":[{"embeddable":true,"href":"http:\/\/landschaftsschutz.org\/index.php?rest_route=\/wp\/v2\/users\/1"}],"replies":[{"embeddable":true,"href":"http:\/\/landschaftsschutz.org\/index.php?rest_route=%2Fwp%2Fv2%2Fcomments&post=462"}],"version-history":[{"count":3,"href":"http:\/\/landschaftsschutz.org\/index.php?rest_route=\/wp\/v2\/posts\/462\/revisions"}],"predecessor-version":[{"id":501,"href":"http:\/\/landschaftsschutz.org\/index.php?rest_route=\/wp\/v2\/posts\/462\/revisions\/501"}],"wp:attachment":[{"href":"http:\/\/landschaftsschutz.org\/index.php?rest_route=%2Fwp%2Fv2%2Fmedia&parent=462"}],"wp:term":[{"taxonomy":"category","embeddable":true,"href":"http:\/\/landschaftsschutz.org\/index.php?rest_route=%2Fwp%2Fv2%2Fcategories&post=462"},{"taxonomy":"post_tag","embeddable":true,"href":"http:\/\/landschaftsschutz.org\/index.php?rest_route=%2Fwp%2Fv2%2Ftags&post=462"}],"curies":[{"name":"wp","href":"https:\/\/api.w.org\/{rel}","templated":true}]}}